{"id":851,"date":"2019-09-23T19:08:22","date_gmt":"2019-09-23T19:08:22","guid":{"rendered":"http:\/\/repositorioambiental.mma.gob.cl\/?p=851"},"modified":"2019-09-23T19:24:23","modified_gmt":"2019-09-23T19:24:23","slug":"afiche-lenga","status":"publish","type":"post","link":"https:\/\/repositorioambiental.mma.gob.cl\/index.php\/2019\/09\/23\/afiche-lenga\/","title":{"rendered":"Afiche Lenga"},"content":{"rendered":"<p>\u00abLenga (Nothofagus pumilio)\u00bb es un afiche elaborado el a\u00f1o 2014 por el proyecto denominado \u00abImplementaci\u00f3n y Difusi\u00f3n de Huerto Semillero para la Restauraci\u00f3n de Bosques Incendiados en Torres del Paine\u00bb, financiado por el Fondo de Protecci\u00f3n Ambiental (FPA), Ministerio del Medio Ambiente, Gobierno de Chile. <\/p>\n<p>El afiche busca entregar informaci\u00f3n sobre la lenga (Nothofagus pumilio), en cuanto a su clasificaci\u00f3n cient\u00edfica (reino, divisi\u00f3n, clase, orden, familia, g\u00e9nero, especie), las caracter\u00edsticas morfol\u00f3gicas de sus hojas, su distribuci\u00f3n y h\u00e1bitat.<\/p>\n<p>El texto contenido en el documento podr\u00eda presentar errores de ortograf\u00eda, puntuaci\u00f3n y\/o redacci\u00f3n, as\u00ed como tambi\u00e9n errores t\u00e9cnicos, que son responsabilidad del organismo ejecutor y que no afectan la comprensi\u00f3n general y calidad del documento. <\/p>\n<p>Recuerde que al utilizar los contenidos del documento debe citar su fuente e indicar que fue elaborado en el marco de un proyecto del Fondo de Protecci\u00f3n Ambiental del Ministerio del Medio Ambiente.<\/p>\n","protected":false},"excerpt":{"rendered":"<p>\u00abLenga (Nothofagus pumilio)\u00bb es un afiche elaborado el a\u00f1o 2014 por el proyecto denominado \u00abImplementaci\u00f3n y Difusi\u00f3n de Huerto Semillero para la Restauraci\u00f3n de Bosques Incendiados en Torres del Paine\u00bb, financiado por el Fondo de Protecci\u00f3n Ambiental (FPA), Ministerio del Medio Ambiente, Gobierno de Chile. El afiche busca entregar informaci\u00f3n sobre la lenga (Nothofagus pumilio), [&hellip;]<\/p>\n","protected":false},"author":4,"featured_media":853,"comment_status":"open","ping_status":"open","sticky":false,"template":"","format":"standard","meta":{"footnotes":""},"categories":[93,108],"tags":[594,592,593],"class_list":["post-851","post","type-post","status-publish","format-standard","has-post-thumbnail","hentry","category-biodiversidad-y-ecosistemas-funcionario","category-biodiversidad-y-ecosistemas-alumno","tag-fagales","tag-lenga","tag-nothofagus-pumilio","tema-afiche"],"_links":{"self":[{"href":"https:\/\/repositorioambiental.mma.gob.cl\/index.php\/wp-json\/wp\/v2\/posts\/851","targetHints":{"allow":["GET"]}}],"collection":[{"href":"https:\/\/repositorioambiental.mma.gob.cl\/index.php\/wp-json\/wp\/v2\/posts"}],"about":[{"href":"https:\/\/repositorioambiental.mma.gob.cl\/index.php\/wp-json\/wp\/v2\/types\/post"}],"author":[{"embeddable":true,"href":"https:\/\/repositorioambiental.mma.gob.cl\/index.php\/wp-json\/wp\/v2\/users\/4"}],"replies":[{"embeddable":true,"href":"https:\/\/repositorioambiental.mma.gob.cl\/index.php\/wp-json\/wp\/v2\/comments?post=851"}],"version-history":[{"count":1,"href":"https:\/\/repositorioambiental.mma.gob.cl\/index.php\/wp-json\/wp\/v2\/posts\/851\/revisions"}],"predecessor-version":[{"id":854,"href":"https:\/\/repositorioambiental.mma.gob.cl\/index.php\/wp-json\/wp\/v2\/posts\/851\/revisions\/854"}],"wp:featuredmedia":[{"embeddable":true,"href":"https:\/\/repositorioambiental.mma.gob.cl\/index.php\/wp-json\/wp\/v2\/media\/853"}],"wp:attachment":[{"href":"https:\/\/repositorioambiental.mma.gob.cl\/index.php\/wp-json\/wp\/v2\/media?parent=851"}],"wp:term":[{"taxonomy":"category","embeddable":true,"href":"https:\/\/repositorioambiental.mma.gob.cl\/index.php\/wp-json\/wp\/v2\/categories?post=851"},{"taxonomy":"post_tag","embeddable":true,"href":"https:\/\/repositorioambiental.mma.gob.cl\/index.php\/wp-json\/wp\/v2\/tags?post=851"}],"curies":[{"name":"wp","href":"https:\/\/api.w.org\/{rel}","templated":true}]}}