{"id":832,"date":"2019-09-22T15:40:50","date_gmt":"2019-09-22T15:40:50","guid":{"rendered":"http:\/\/repositorioambiental.mma.gob.cl\/?p=832"},"modified":"2019-10-14T18:15:11","modified_gmt":"2019-10-14T18:15:11","slug":"triptico-conservacion-del-picaflor-de-arica","status":"publish","type":"post","link":"https:\/\/repositorioambiental.mma.gob.cl\/index.php\/2019\/09\/22\/triptico-conservacion-del-picaflor-de-arica\/","title":{"rendered":"Tr\u00edptico Conservaci\u00f3n del Picaflor de Arica"},"content":{"rendered":"<p>\u00abConservaci\u00f3n del picaflor de Arica\u00bb es un tr\u00edptico elaborado en el marco de un proyecto GEF, titulado \u00abProyecto para la conservaci\u00f3n de especies amenazadas\u00bb, que tiene como objetivo promover la conservaci\u00f3n del picaflor de Arica (Eulidia yarrellii); el ave m\u00e1s peque\u00f1a de Chile, especie end\u00e9mica de la Provincia de Arica, Regi\u00f3n de Arica y Parinacota, Chile, y En Peligro Cr\u00edtico seg\u00fan categor\u00eda de conservaci\u00f3n de la UICN (Uni\u00f3n Internacional para la Conservaci\u00f3n de la Naturaleza). El tr\u00edptico entrega claves para su identificaci\u00f3n y diferenciaci\u00f3n de las otras especies de picaflores con quienes comparte territorio (picaflor de Cora y picaflor del norte), indicando su distribuci\u00f3n, h\u00e1bitat, y alimentaci\u00f3n nectar\u00edvora. El material tambi\u00e9n describe las principales amenazas a las que se ve enfrentada esta especie (p\u00e9rida y destrucci\u00f3n de h\u00e1bitat, estructuras tipo invernadero de pl\u00e1stico, uso de pesticidas tradicionales y pesticidas no regulados). Puede ser utilizado por la ciudadan\u00eda, funcionarios p\u00fablicos y docentes.<\/p>\n","protected":false},"excerpt":{"rendered":"<p>\u00abConservaci\u00f3n del picaflor de Arica\u00bb es un tr\u00edptico elaborado en el marco de un proyecto GEF, titulado \u00abProyecto para la conservaci\u00f3n de especies amenazadas\u00bb, que tiene como objetivo promover la conservaci\u00f3n del picaflor de Arica (Eulidia yarrellii); el ave m\u00e1s peque\u00f1a de Chile, especie end\u00e9mica de la Provincia de Arica, Regi\u00f3n de Arica y Parinacota, [&hellip;]<\/p>\n","protected":false},"author":4,"featured_media":1508,"comment_status":"open","ping_status":"open","sticky":false,"template":"","format":"standard","meta":{"footnotes":""},"categories":[93,108],"tags":[575,175,378],"class_list":["post-832","post","type-post","status-publish","format-standard","has-post-thumbnail","hentry","category-biodiversidad-y-ecosistemas-funcionario","category-biodiversidad-y-ecosistemas-alumno","tag-arica","tag-conservacion","tag-picaflor-de-arica","tema-diptico-o-triptico"],"_links":{"self":[{"href":"https:\/\/repositorioambiental.mma.gob.cl\/index.php\/wp-json\/wp\/v2\/posts\/832","targetHints":{"allow":["GET"]}}],"collection":[{"href":"https:\/\/repositorioambiental.mma.gob.cl\/index.php\/wp-json\/wp\/v2\/posts"}],"about":[{"href":"https:\/\/repositorioambiental.mma.gob.cl\/index.php\/wp-json\/wp\/v2\/types\/post"}],"author":[{"embeddable":true,"href":"https:\/\/repositorioambiental.mma.gob.cl\/index.php\/wp-json\/wp\/v2\/users\/4"}],"replies":[{"embeddable":true,"href":"https:\/\/repositorioambiental.mma.gob.cl\/index.php\/wp-json\/wp\/v2\/comments?post=832"}],"version-history":[{"count":3,"href":"https:\/\/repositorioambiental.mma.gob.cl\/index.php\/wp-json\/wp\/v2\/posts\/832\/revisions"}],"predecessor-version":[{"id":1509,"href":"https:\/\/repositorioambiental.mma.gob.cl\/index.php\/wp-json\/wp\/v2\/posts\/832\/revisions\/1509"}],"wp:featuredmedia":[{"embeddable":true,"href":"https:\/\/repositorioambiental.mma.gob.cl\/index.php\/wp-json\/wp\/v2\/media\/1508"}],"wp:attachment":[{"href":"https:\/\/repositorioambiental.mma.gob.cl\/index.php\/wp-json\/wp\/v2\/media?parent=832"}],"wp:term":[{"taxonomy":"category","embeddable":true,"href":"https:\/\/repositorioambiental.mma.gob.cl\/index.php\/wp-json\/wp\/v2\/categories?post=832"},{"taxonomy":"post_tag","embeddable":true,"href":"https:\/\/repositorioambiental.mma.gob.cl\/index.php\/wp-json\/wp\/v2\/tags?post=832"}],"curies":[{"name":"wp","href":"https:\/\/api.w.org\/{rel}","templated":true}]}}