{"id":759,"date":"2019-09-19T14:42:34","date_gmt":"2019-09-19T14:42:34","guid":{"rendered":"http:\/\/repositorioambiental.mma.gob.cl\/?p=759"},"modified":"2019-10-28T17:58:12","modified_gmt":"2019-10-28T17:58:12","slug":"infografia-que-es-la-contaminacion","status":"publish","type":"post","link":"https:\/\/repositorioambiental.mma.gob.cl\/index.php\/2019\/09\/19\/infografia-que-es-la-contaminacion\/","title":{"rendered":"Infograf\u00eda qu\u00e9 es la contaminaci\u00f3n"},"content":{"rendered":"<p>\u00ab\u00bfQu\u00e9 es la contaminaci\u00f3n?\u00bb es una infograf\u00eda elaborada en el a\u00f1o 2016 en el marco del Plan de Descontaminaci\u00f3n Atmosf\u00e9rica para Osorno (PDAO), Regi\u00f3n de Los Lagos, Chile. La contaminaci\u00f3n se define como \u00abla presencia en el ambiente de sustancias, elementos, energ\u00eda o combinaci\u00f3n de ellos, en concentraciones o concentraciones y permanencia superiores o inferiores, seg\u00fan corresponda, a las establecidas en la legislaci\u00f3n vigente\u00bb (Ley N\u00b019.300). La infograf\u00eda tiene como objetivo entregar informaci\u00f3n sobre la contaminaci\u00f3n de forma general y el di\u00f3xido de carbono. Define qu\u00e9 es contaminaci\u00f3n, qu\u00e9 es el di\u00f3xido de carbono (CO2), y a trav\u00e9s de un gr\u00e1fico, muestra las toneladas de CO2 hist\u00f3ricas y proyectadas, adem\u00e1s de los 10 pa\u00edses con m\u00e1s alta emisi\u00f3n de CO2. Tambi\u00e9n clasifica los tipos de contaminaci\u00f3n (atmosf\u00e9rica, agua, suelo, ac\u00fastica, radioactiva, t\u00e9rmica, lum\u00ednica, visual) y muestra a trav\u00e9s de una l\u00ednea de tiempo la evoluci\u00f3n de la contaminaci\u00f3n en el mundo. Puede ser utilizado por la ciudadan\u00eda, funcionarios p\u00fablicos y docentes.<\/p>\n","protected":false},"excerpt":{"rendered":"<p>\u00ab\u00bfQu\u00e9 es la contaminaci\u00f3n?\u00bb es una infograf\u00eda elaborada en el a\u00f1o 2016 en el marco del Plan de Descontaminaci\u00f3n Atmosf\u00e9rica para Osorno (PDAO), Regi\u00f3n de Los Lagos, Chile. La contaminaci\u00f3n se define como \u00abla presencia en el ambiente de sustancias, elementos, energ\u00eda o combinaci\u00f3n de ellos, en concentraciones o concentraciones y permanencia superiores o inferiores, [&hellip;]<\/p>\n","protected":false},"author":4,"featured_media":760,"comment_status":"open","ping_status":"open","sticky":false,"template":"","format":"standard","meta":{"footnotes":""},"categories":[94,107],"tags":[122,527],"class_list":["post-759","post","type-post","status-publish","format-standard","has-post-thumbnail","hentry","category-calidad-del-aire-funcionario","category-calidad-del-aire","tag-contaminacion","tag-dioxido-de-carbono","tema-infografia"],"_links":{"self":[{"href":"https:\/\/repositorioambiental.mma.gob.cl\/index.php\/wp-json\/wp\/v2\/posts\/759","targetHints":{"allow":["GET"]}}],"collection":[{"href":"https:\/\/repositorioambiental.mma.gob.cl\/index.php\/wp-json\/wp\/v2\/posts"}],"about":[{"href":"https:\/\/repositorioambiental.mma.gob.cl\/index.php\/wp-json\/wp\/v2\/types\/post"}],"author":[{"embeddable":true,"href":"https:\/\/repositorioambiental.mma.gob.cl\/index.php\/wp-json\/wp\/v2\/users\/4"}],"replies":[{"embeddable":true,"href":"https:\/\/repositorioambiental.mma.gob.cl\/index.php\/wp-json\/wp\/v2\/comments?post=759"}],"version-history":[{"count":3,"href":"https:\/\/repositorioambiental.mma.gob.cl\/index.php\/wp-json\/wp\/v2\/posts\/759\/revisions"}],"predecessor-version":[{"id":1818,"href":"https:\/\/repositorioambiental.mma.gob.cl\/index.php\/wp-json\/wp\/v2\/posts\/759\/revisions\/1818"}],"wp:featuredmedia":[{"embeddable":true,"href":"https:\/\/repositorioambiental.mma.gob.cl\/index.php\/wp-json\/wp\/v2\/media\/760"}],"wp:attachment":[{"href":"https:\/\/repositorioambiental.mma.gob.cl\/index.php\/wp-json\/wp\/v2\/media?parent=759"}],"wp:term":[{"taxonomy":"category","embeddable":true,"href":"https:\/\/repositorioambiental.mma.gob.cl\/index.php\/wp-json\/wp\/v2\/categories?post=759"},{"taxonomy":"post_tag","embeddable":true,"href":"https:\/\/repositorioambiental.mma.gob.cl\/index.php\/wp-json\/wp\/v2\/tags?post=759"}],"curies":[{"name":"wp","href":"https:\/\/api.w.org\/{rel}","templated":true}]}}