{"id":729,"date":"2019-09-19T14:01:17","date_gmt":"2019-09-19T14:01:17","guid":{"rendered":"http:\/\/repositorioambiental.mma.gob.cl\/?p=729"},"modified":"2019-10-03T15:44:43","modified_gmt":"2019-10-03T15:44:43","slug":"cuento-coloreable-conozco-los-humedales-costeros-de-mi-region","status":"publish","type":"post","link":"https:\/\/repositorioambiental.mma.gob.cl\/index.php\/2019\/09\/19\/cuento-coloreable-conozco-los-humedales-costeros-de-mi-region\/","title":{"rendered":"Cuento coloreable conozco los humedales costeros de mi regi\u00f3n"},"content":{"rendered":"<p>\u00abColoreando conozco los humedales costeros de mi regi\u00f3n\u00bb es un libro infantil para colorear narrado por Viviana, una ni\u00f1a que vive en caleta Chipana, zona costera de la Regi\u00f3n de Tarapac\u00e1, Chile. Viviana relata acerca de la importancia de los humedales costeros y de las especies que ah\u00ed viven (aves, peces, insectos y bacterias); a medida que transcurre la historia, la protagonista va describiendo las especies que encuentra en su recorrido por los humedales y el r\u00edo Loa. Tambi\u00e9n menciona acciones para proteger estos ecosistemas, sobre todo de los residuos que dejan las personas en ellos, dado que los humedales costeros, como tambi\u00e9n los altoandinos, se encuentran entre los ecosistemas m\u00e1s vulnerables al cambio clim\u00e1tico, junto a los ecosistemas mediterr\u00e1neos. Al final de la historia, Viviana propone limpiar los humedales y la caleta junto con sus amigos, y conforman el grupo de los \u00abGuardianes de los humedales costeros\u00bb . Las especies para colorear que contiene el libro son: pato colorado, gaviota garuma, gaviot\u00edn, churrete costero, pato lile y garza grande. \u00abColoreando conozco los humedales costeros de mi regi\u00f3n\u00bb es un material dise\u00f1ado para la primera infancia, que puede ser usado por la ciudadan\u00eda y docentes.<\/p>\n","protected":false},"excerpt":{"rendered":"<p>\u00abColoreando conozco los humedales costeros de mi regi\u00f3n\u00bb es un libro infantil para colorear narrado por Viviana, una ni\u00f1a que vive en caleta Chipana, zona costera de la Regi\u00f3n de Tarapac\u00e1, Chile. Viviana relata acerca de la importancia de los humedales costeros y de las especies que ah\u00ed viven (aves, peces, insectos y bacterias); a [&hellip;]<\/p>\n","protected":false},"author":4,"featured_media":730,"comment_status":"open","ping_status":"open","sticky":false,"template":"","format":"standard","meta":{"footnotes":""},"categories":[108,9],"tags":[505,501,507,503,504,317,502,506,463],"class_list":["post-729","post","type-post","status-publish","format-standard","has-post-thumbnail","hentry","category-biodiversidad-y-ecosistemas-alumno","category-calidad-de-aire","tag-churrete-costero","tag-costero","tag-garza-grande","tag-gaviota-garuma","tag-gaviotin","tag-humedal","tag-pato-colorado","tag-pato-lile","tag-tarapaca","tema-material-didactico"],"_links":{"self":[{"href":"https:\/\/repositorioambiental.mma.gob.cl\/index.php\/wp-json\/wp\/v2\/posts\/729","targetHints":{"allow":["GET"]}}],"collection":[{"href":"https:\/\/repositorioambiental.mma.gob.cl\/index.php\/wp-json\/wp\/v2\/posts"}],"about":[{"href":"https:\/\/repositorioambiental.mma.gob.cl\/index.php\/wp-json\/wp\/v2\/types\/post"}],"author":[{"embeddable":true,"href":"https:\/\/repositorioambiental.mma.gob.cl\/index.php\/wp-json\/wp\/v2\/users\/4"}],"replies":[{"embeddable":true,"href":"https:\/\/repositorioambiental.mma.gob.cl\/index.php\/wp-json\/wp\/v2\/comments?post=729"}],"version-history":[{"count":1,"href":"https:\/\/repositorioambiental.mma.gob.cl\/index.php\/wp-json\/wp\/v2\/posts\/729\/revisions"}],"predecessor-version":[{"id":731,"href":"https:\/\/repositorioambiental.mma.gob.cl\/index.php\/wp-json\/wp\/v2\/posts\/729\/revisions\/731"}],"wp:featuredmedia":[{"embeddable":true,"href":"https:\/\/repositorioambiental.mma.gob.cl\/index.php\/wp-json\/wp\/v2\/media\/730"}],"wp:attachment":[{"href":"https:\/\/repositorioambiental.mma.gob.cl\/index.php\/wp-json\/wp\/v2\/media?parent=729"}],"wp:term":[{"taxonomy":"category","embeddable":true,"href":"https:\/\/repositorioambiental.mma.gob.cl\/index.php\/wp-json\/wp\/v2\/categories?post=729"},{"taxonomy":"post_tag","embeddable":true,"href":"https:\/\/repositorioambiental.mma.gob.cl\/index.php\/wp-json\/wp\/v2\/tags?post=729"}],"curies":[{"name":"wp","href":"https:\/\/api.w.org\/{rel}","templated":true}]}}