{"id":662,"date":"2019-09-18T15:03:22","date_gmt":"2019-09-18T15:03:22","guid":{"rendered":"http:\/\/repositorioambiental.mma.gob.cl\/?p=662"},"modified":"2019-10-03T14:21:54","modified_gmt":"2019-10-03T14:21:54","slug":"cuento-colorear-la-exploradora-de-los-animales-amenazados","status":"publish","type":"post","link":"https:\/\/repositorioambiental.mma.gob.cl\/index.php\/2019\/09\/18\/cuento-colorear-la-exploradora-de-los-animales-amenazados\/","title":{"rendered":"Cuento colorear: \u00abLa exploradora de los animales amenazados\u00bb"},"content":{"rendered":"<p>\u00abLa exploradora de los animales amenazados\u00bb es un cuento infantil para colorear, elaborado el a\u00f1o 2018 en el marco del Programa FNDR \u201cTransferencia Implementaci\u00f3n Regional Estrategia Biodiversidad\u201d Financiado por el Gobierno Regional de Ays\u00e9n y su Consejo, Chile. El cuento, protagonizado por Isidora, invita a conocer las especies amenazadas de la regi\u00f3n de Ays\u00e9n. Isidora recorre disitintos lugares de la regi\u00f3n: Chile Chico, el Parque Nacional Cerro Castillo y Parque Nacional Queulat, \u00d1irehuao, y el \u00c1rea Marina Costera Protegida de M\u00faltiples Usos Pitipalena-A\u00f1ihu\u00e9, en los cuales observa distintas especies amenazadas (hull\u00edn, delf\u00edn austral, \u00f1and\u00fa, lobo fino austral, entre otros) y va contando sobre algunas caracter\u00edsticas generales. Los personajes son: Isidora, la exploradora; cactus, \u00f1and\u00fa, lobo fino austral, huemules y delf\u00edn austral. El cuento, dise\u00f1ado para ni\u00f1os entre 6 a 8 a\u00f1os, posee 16 p\u00e1ginas con ilustraciones alusivas del ecosistema y las especies mencionadas. Es \u00fatil para docentes de Primer Ciclo B\u00e1sico, como tambi\u00e9n para la ciudadan\u00eda.<\/p>\n","protected":false},"excerpt":{"rendered":"<p>\u00abLa exploradora de los animales amenazados\u00bb es un cuento infantil para colorear, elaborado el a\u00f1o 2018 en el marco del Programa FNDR \u201cTransferencia Implementaci\u00f3n Regional Estrategia Biodiversidad\u201d Financiado por el Gobierno Regional de Ays\u00e9n y su Consejo, Chile. El cuento, protagonizado por Isidora, invita a conocer las especies amenazadas de la regi\u00f3n de Ays\u00e9n. Isidora [&hellip;]<\/p>\n","protected":false},"author":4,"featured_media":663,"comment_status":"open","ping_status":"open","sticky":false,"template":"","format":"standard","meta":{"footnotes":""},"categories":[8,108],"tags":[426,424,422,421,429,420,428,430,410,423,412,427,425,407],"class_list":["post-662","post","type-post","status-publish","format-standard","has-post-thumbnail","hentry","category-biodiversidad-y-ecosistemas","category-biodiversidad-y-ecosistemas-alumno","tag-area-marina-costera-protegida-de-multiples-usos","tag-cerro-castillo","tag-chile-chico","tag-cuento-colorear","tag-delfin-austral","tag-especies-amenazadas","tag-hullin","tag-lobo-fino-austral","tag-nandu","tag-parque-nacional","tag-patagonia","tag-pitipalena-anihue","tag-queulat-nirehuao","tag-region-de-aysen","tema-cuento"],"_links":{"self":[{"href":"https:\/\/repositorioambiental.mma.gob.cl\/index.php\/wp-json\/wp\/v2\/posts\/662","targetHints":{"allow":["GET"]}}],"collection":[{"href":"https:\/\/repositorioambiental.mma.gob.cl\/index.php\/wp-json\/wp\/v2\/posts"}],"about":[{"href":"https:\/\/repositorioambiental.mma.gob.cl\/index.php\/wp-json\/wp\/v2\/types\/post"}],"author":[{"embeddable":true,"href":"https:\/\/repositorioambiental.mma.gob.cl\/index.php\/wp-json\/wp\/v2\/users\/4"}],"replies":[{"embeddable":true,"href":"https:\/\/repositorioambiental.mma.gob.cl\/index.php\/wp-json\/wp\/v2\/comments?post=662"}],"version-history":[{"count":1,"href":"https:\/\/repositorioambiental.mma.gob.cl\/index.php\/wp-json\/wp\/v2\/posts\/662\/revisions"}],"predecessor-version":[{"id":664,"href":"https:\/\/repositorioambiental.mma.gob.cl\/index.php\/wp-json\/wp\/v2\/posts\/662\/revisions\/664"}],"wp:featuredmedia":[{"embeddable":true,"href":"https:\/\/repositorioambiental.mma.gob.cl\/index.php\/wp-json\/wp\/v2\/media\/663"}],"wp:attachment":[{"href":"https:\/\/repositorioambiental.mma.gob.cl\/index.php\/wp-json\/wp\/v2\/media?parent=662"}],"wp:term":[{"taxonomy":"category","embeddable":true,"href":"https:\/\/repositorioambiental.mma.gob.cl\/index.php\/wp-json\/wp\/v2\/categories?post=662"},{"taxonomy":"post_tag","embeddable":true,"href":"https:\/\/repositorioambiental.mma.gob.cl\/index.php\/wp-json\/wp\/v2\/tags?post=662"}],"curies":[{"name":"wp","href":"https:\/\/api.w.org\/{rel}","templated":true}]}}