{"id":550,"date":"2019-09-17T01:28:38","date_gmt":"2019-09-17T01:28:38","guid":{"rendered":"http:\/\/repositorioambiental.mma.gob.cl\/?p=550"},"modified":"2019-09-17T01:28:38","modified_gmt":"2019-09-17T01:28:38","slug":"guia-flora-quebrada-de-caramavida","status":"publish","type":"post","link":"https:\/\/repositorioambiental.mma.gob.cl\/index.php\/2019\/09\/17\/guia-flora-quebrada-de-caramavida\/","title":{"rendered":"Gu\u00eda flora quebrada de Caram\u00e1vida"},"content":{"rendered":"<p>\u00abGu\u00eda introductoria a la flora de la quebrada de Caram\u00e1vida\u00bb es una gu\u00eda elaborada el a\u00f1o 2017  por el proyecto denominado \u00abCaram\u00e1vida: Maqueta de los Sue\u00f1os\u00bb, financiado por el Fondo de Protecci\u00f3n Ambiental (FPA), Ministerio del Medio Ambiente, Gobierno de Chile. La gu\u00eda posee 50 p\u00e1ginas en las cuales se caracterizan 34 especies de \u00e1rboles y arbustos de la quebrada de Caram\u00e1vida. Para cada especie se incluye una fotograf\u00eda, familia, nombre com\u00fan, nombre cient\u00edfico y descripci\u00f3n.<\/p>\n<p>La quebrada de Caram\u00e1vida est\u00e1 localizada en la pendiente occidental y central de la Cordillera de Nahuelbuta al nor-este del Parque Nacional Nahuelbuta (con 6.870 hect\u00e1reas). La extensi\u00f3n y las caracter\u00edsticas topogr\u00e1ficas de esta quebrada (cerca de 40.000 hect\u00e1reas) con sus distintos pisos altitudinales albergan una riqu\u00edsima flora y fauna. Se extiende desde los 500 metros hasta los 1.200 metros de altitud, y por su ubicaci\u00f3n, lo escarpado de sus laderas y las dificultades para bajar hasta el r\u00edo, ha permitido que su \u00e1rea boscosa y vegetaci\u00f3n sea muy poco intervenida en comparaci\u00f3n con su entorno plantado de especies ex\u00f3ticas. Su densa vegetaci\u00f3n tiene sectores casi impenetrables en la zona media, mientras que en la parte alta, en las nacientes de agua, emerge un bosque achaparrado dominado por \u00f1irres, lengas y araucarias. <\/p>\n<p>El texto contenido en el documento podr\u00eda presentar errores de ortograf\u00eda, puntuaci\u00f3n y\/o redacci\u00f3n, as\u00ed como tambi\u00e9n errores t\u00e9cnicos, que son responsabilidad del organismo ejecutor y que no afectan la comprensi\u00f3n general y calidad del documento.<\/p>\n<p>Recuerde que al utilizar los contenidos del documento debe citar su fuente e indicar que fue elaborado en el marco de un proyecto del Fondo de Protecci\u00f3n Ambiental del Ministerio del Medio Ambiente.<\/p>\n","protected":false},"excerpt":{"rendered":"<p>\u00abGu\u00eda introductoria a la flora de la quebrada de Caram\u00e1vida\u00bb es una gu\u00eda elaborada el a\u00f1o 2017 por el proyecto denominado \u00abCaram\u00e1vida: Maqueta de los Sue\u00f1os\u00bb, financiado por el Fondo de Protecci\u00f3n Ambiental (FPA), Ministerio del Medio Ambiente, Gobierno de Chile. La gu\u00eda posee 50 p\u00e1ginas en las cuales se caracterizan 34 especies de \u00e1rboles [&hellip;]<\/p>\n","protected":false},"author":4,"featured_media":551,"comment_status":"open","ping_status":"open","sticky":false,"template":"","format":"standard","meta":{"footnotes":""},"categories":[93,108],"tags":[302,216,303],"class_list":["post-550","post","type-post","status-publish","format-standard","has-post-thumbnail","hentry","category-biodiversidad-y-ecosistemas-funcionario","category-biodiversidad-y-ecosistemas-alumno","tag-caramavida","tag-flora","tag-quebrada-de-caramavida","tema-documento"],"_links":{"self":[{"href":"https:\/\/repositorioambiental.mma.gob.cl\/index.php\/wp-json\/wp\/v2\/posts\/550","targetHints":{"allow":["GET"]}}],"collection":[{"href":"https:\/\/repositorioambiental.mma.gob.cl\/index.php\/wp-json\/wp\/v2\/posts"}],"about":[{"href":"https:\/\/repositorioambiental.mma.gob.cl\/index.php\/wp-json\/wp\/v2\/types\/post"}],"author":[{"embeddable":true,"href":"https:\/\/repositorioambiental.mma.gob.cl\/index.php\/wp-json\/wp\/v2\/users\/4"}],"replies":[{"embeddable":true,"href":"https:\/\/repositorioambiental.mma.gob.cl\/index.php\/wp-json\/wp\/v2\/comments?post=550"}],"version-history":[{"count":1,"href":"https:\/\/repositorioambiental.mma.gob.cl\/index.php\/wp-json\/wp\/v2\/posts\/550\/revisions"}],"predecessor-version":[{"id":552,"href":"https:\/\/repositorioambiental.mma.gob.cl\/index.php\/wp-json\/wp\/v2\/posts\/550\/revisions\/552"}],"wp:featuredmedia":[{"embeddable":true,"href":"https:\/\/repositorioambiental.mma.gob.cl\/index.php\/wp-json\/wp\/v2\/media\/551"}],"wp:attachment":[{"href":"https:\/\/repositorioambiental.mma.gob.cl\/index.php\/wp-json\/wp\/v2\/media?parent=550"}],"wp:term":[{"taxonomy":"category","embeddable":true,"href":"https:\/\/repositorioambiental.mma.gob.cl\/index.php\/wp-json\/wp\/v2\/categories?post=550"},{"taxonomy":"post_tag","embeddable":true,"href":"https:\/\/repositorioambiental.mma.gob.cl\/index.php\/wp-json\/wp\/v2\/tags?post=550"}],"curies":[{"name":"wp","href":"https:\/\/api.w.org\/{rel}","templated":true}]}}