{"id":528,"date":"2019-09-13T13:16:52","date_gmt":"2019-09-13T13:16:52","guid":{"rendered":"http:\/\/repositorioambiental.mma.gob.cl\/?p=528"},"modified":"2019-09-13T13:16:52","modified_gmt":"2019-09-13T13:16:52","slug":"guia-para-usar-ebird-en-chile","status":"publish","type":"post","link":"https:\/\/repositorioambiental.mma.gob.cl\/index.php\/2019\/09\/13\/guia-para-usar-ebird-en-chile\/","title":{"rendered":"Gu\u00eda para usar eBird en Chile"},"content":{"rendered":"<p>\u00abGu\u00eda para usar eBird en Chile\u00bb es un gu\u00eda elaborada el a\u00f1o 2017 por el proyecto denominado \u201cValorizaci\u00f3n, facilitaci\u00f3n y difusi\u00f3n del uso de la plataforma Ebird en la Regi\u00f3n Metropolitana &#8211; Biodiversidad\u201d, financiado por el Fondo de Protecci\u00f3n Ambiental (FPA), Ministerio del Medio Ambiente, Gobierno de Chile. El documento tiene por objetivo contribuir a que los observadores de aves conozcan las potencialidades de eBird, con el fin de mejorar la cantidad y calidad de los datos que se incorporan a la plataforma, expandir la cobertura de los mismos en el territorio nacional, e incentivar el uso de estos datos en investigaci\u00f3n y conservaci\u00f3n.  <\/p>\n<p>eBird naci\u00f3 como proyecto el a\u00f1o 2002 por el Laboratorio de Ornitolog\u00eda de la Universidad de Cornell, que buscaba aprovechar el auge de internet para que observadores de aves repartidos por todo el mundo pudieran subir sus registros y que \u00e9stos fueran de utilidad para otros observadores, as\u00ed como para iniciativas de conservaci\u00f3n e investigaci\u00f3n. En marzo de 2008 se ingresaron los primeros datos para los avistamientos hechos en Chile a trav\u00e9s de esta plataforma.<\/p>\n<p>La gu\u00eda posee 64 p\u00e1ginas y explica paso a paso c\u00f3mo subir datos a eBird -a trav\u00e9s de la p\u00e1gina web y app-, los protocolos aplicados a los datos, c\u00f3mo se utilizan estos, entre otra informaci\u00f3n. Finalmente describe el uso de la plataforma en programas de monitoreo y censos de aves, y su uso en ciencia. <\/p>\n<p>El texto contenido en el documento podr\u00eda presentar errores de ortograf\u00eda, puntuaci\u00f3n y\/o redacci\u00f3n, as\u00ed como tambi\u00e9n errores t\u00e9cnicos, que son responsabilidad del organismo ejecutor y que no afectan la comprensi\u00f3n general y calidad del documento. <\/p>\n<p>Recuerde que al utilizar los contenidos del documento debe citar su fuente e indicar que fue elaborado en el marco de un proyecto del Fondo de Protecci\u00f3n Ambiental del Ministerio del Medio Ambiente.<\/p>\n","protected":false},"excerpt":{"rendered":"<p>\u00abGu\u00eda para usar eBird en Chile\u00bb es un gu\u00eda elaborada el a\u00f1o 2017 por el proyecto denominado \u201cValorizaci\u00f3n, facilitaci\u00f3n y difusi\u00f3n del uso de la plataforma Ebird en la Regi\u00f3n Metropolitana &#8211; Biodiversidad\u201d, financiado por el Fondo de Protecci\u00f3n Ambiental (FPA), Ministerio del Medio Ambiente, Gobierno de Chile. El documento tiene por objetivo contribuir a [&hellip;]<\/p>\n","protected":false},"author":4,"featured_media":529,"comment_status":"open","ping_status":"open","sticky":false,"template":"","format":"standard","meta":{"footnotes":""},"categories":[93,108],"tags":[268,270,267,271,269],"class_list":["post-528","post","type-post","status-publish","format-standard","has-post-thumbnail","hentry","category-biodiversidad-y-ecosistemas-funcionario","category-biodiversidad-y-ecosistemas-alumno","tag-ave","tag-distribucion-aves","tag-ebird","tag-observadores-aves","tag-s-catastro-aves","tema-documento"],"_links":{"self":[{"href":"https:\/\/repositorioambiental.mma.gob.cl\/index.php\/wp-json\/wp\/v2\/posts\/528","targetHints":{"allow":["GET"]}}],"collection":[{"href":"https:\/\/repositorioambiental.mma.gob.cl\/index.php\/wp-json\/wp\/v2\/posts"}],"about":[{"href":"https:\/\/repositorioambiental.mma.gob.cl\/index.php\/wp-json\/wp\/v2\/types\/post"}],"author":[{"embeddable":true,"href":"https:\/\/repositorioambiental.mma.gob.cl\/index.php\/wp-json\/wp\/v2\/users\/4"}],"replies":[{"embeddable":true,"href":"https:\/\/repositorioambiental.mma.gob.cl\/index.php\/wp-json\/wp\/v2\/comments?post=528"}],"version-history":[{"count":1,"href":"https:\/\/repositorioambiental.mma.gob.cl\/index.php\/wp-json\/wp\/v2\/posts\/528\/revisions"}],"predecessor-version":[{"id":530,"href":"https:\/\/repositorioambiental.mma.gob.cl\/index.php\/wp-json\/wp\/v2\/posts\/528\/revisions\/530"}],"wp:featuredmedia":[{"embeddable":true,"href":"https:\/\/repositorioambiental.mma.gob.cl\/index.php\/wp-json\/wp\/v2\/media\/529"}],"wp:attachment":[{"href":"https:\/\/repositorioambiental.mma.gob.cl\/index.php\/wp-json\/wp\/v2\/media?parent=528"}],"wp:term":[{"taxonomy":"category","embeddable":true,"href":"https:\/\/repositorioambiental.mma.gob.cl\/index.php\/wp-json\/wp\/v2\/categories?post=528"},{"taxonomy":"post_tag","embeddable":true,"href":"https:\/\/repositorioambiental.mma.gob.cl\/index.php\/wp-json\/wp\/v2\/tags?post=528"}],"curies":[{"name":"wp","href":"https:\/\/api.w.org\/{rel}","templated":true}]}}