{"id":484,"date":"2019-09-13T01:23:34","date_gmt":"2019-09-13T01:23:34","guid":{"rendered":"http:\/\/repositorioambiental.mma.gob.cl\/?p=484"},"modified":"2019-09-13T01:23:34","modified_gmt":"2019-09-13T01:23:34","slug":"afiche-fauna-de-bosques-de-valdivia","status":"publish","type":"post","link":"https:\/\/repositorioambiental.mma.gob.cl\/index.php\/2019\/09\/13\/afiche-fauna-de-bosques-de-valdivia\/","title":{"rendered":"Afiche fauna de bosques de Valdivia"},"content":{"rendered":"<p>\u00abFauna de los Bosques de Valdivia\u00bb es un afiche elaborado el a\u00f1o 2018 por el proyecto \u201cAula Viva: Un Mundo por Descubrir &#8211; Biodiversidad\u201d, financiado por el Fondo de Protecci\u00f3n Ambiental (FPA), del Ministerio del Medio Ambiente, Gobierno de Chile. Su objetivo es mostrar, a trav\u00e9s de ilustraciones,  distintas especies de fauna nativa posibles de encontrar en reservas naturales urbanas como el Parque Urbano El Bosque, el Arboretum y el Jard\u00edn Bot\u00e1nico de la Universidad Austral de Chile. Las especies que contiene el afiche son: picaflor chico, pit\u00edo, chuncho, siete colores, cachudito, sapito de antifaz, rana chilena, camar\u00f3n de hualve, moscard\u00f3n chileno, culebra de cola corta. <\/p>\n<p>El texto contenido en el documento podr\u00eda presentar errores de ortograf\u00eda, puntuaci\u00f3n y\/o redacci\u00f3n, as\u00ed como tambi\u00e9n errores t\u00e9cnicos, que son responsabilidad del organismo ejecutor y que no afectan la comprensi\u00f3n general y calidad del documento. <\/p>\n<p>Recuerde que al utilizar los contenidos del documento debe citar su fuente e indicar que fue elaborado en el marco de un proyecto del Fondo de Protecci\u00f3n Ambiental del Ministerio del Medio Ambiente.<\/p>\n","protected":false},"excerpt":{"rendered":"<p>\u00abFauna de los Bosques de Valdivia\u00bb es un afiche elaborado el a\u00f1o 2018 por el proyecto \u201cAula Viva: Un Mundo por Descubrir &#8211; Biodiversidad\u201d, financiado por el Fondo de Protecci\u00f3n Ambiental (FPA), del Ministerio del Medio Ambiente, Gobierno de Chile. Su objetivo es mostrar, a trav\u00e9s de ilustraciones, distintas especies de fauna nativa posibles de [&hellip;]<\/p>\n","protected":false},"author":4,"featured_media":485,"comment_status":"open","ping_status":"open","sticky":false,"template":"","format":"standard","meta":{"footnotes":""},"categories":[93,108],"tags":[142,238,240,237,239],"class_list":["post-484","post","type-post","status-publish","format-standard","has-post-thumbnail","hentry","category-biodiversidad-y-ecosistemas-funcionario","category-biodiversidad-y-ecosistemas-alumno","tag-biodiversidad","tag-fauna","tag-parques-urbanos","tag-region-de-los-rios","tag-valdivia","tema-afiche"],"_links":{"self":[{"href":"https:\/\/repositorioambiental.mma.gob.cl\/index.php\/wp-json\/wp\/v2\/posts\/484","targetHints":{"allow":["GET"]}}],"collection":[{"href":"https:\/\/repositorioambiental.mma.gob.cl\/index.php\/wp-json\/wp\/v2\/posts"}],"about":[{"href":"https:\/\/repositorioambiental.mma.gob.cl\/index.php\/wp-json\/wp\/v2\/types\/post"}],"author":[{"embeddable":true,"href":"https:\/\/repositorioambiental.mma.gob.cl\/index.php\/wp-json\/wp\/v2\/users\/4"}],"replies":[{"embeddable":true,"href":"https:\/\/repositorioambiental.mma.gob.cl\/index.php\/wp-json\/wp\/v2\/comments?post=484"}],"version-history":[{"count":1,"href":"https:\/\/repositorioambiental.mma.gob.cl\/index.php\/wp-json\/wp\/v2\/posts\/484\/revisions"}],"predecessor-version":[{"id":486,"href":"https:\/\/repositorioambiental.mma.gob.cl\/index.php\/wp-json\/wp\/v2\/posts\/484\/revisions\/486"}],"wp:featuredmedia":[{"embeddable":true,"href":"https:\/\/repositorioambiental.mma.gob.cl\/index.php\/wp-json\/wp\/v2\/media\/485"}],"wp:attachment":[{"href":"https:\/\/repositorioambiental.mma.gob.cl\/index.php\/wp-json\/wp\/v2\/media?parent=484"}],"wp:term":[{"taxonomy":"category","embeddable":true,"href":"https:\/\/repositorioambiental.mma.gob.cl\/index.php\/wp-json\/wp\/v2\/categories?post=484"},{"taxonomy":"post_tag","embeddable":true,"href":"https:\/\/repositorioambiental.mma.gob.cl\/index.php\/wp-json\/wp\/v2\/tags?post=484"}],"curies":[{"name":"wp","href":"https:\/\/api.w.org\/{rel}","templated":true}]}}