{"id":356,"date":"2019-07-02T22:18:23","date_gmt":"2019-07-02T22:18:23","guid":{"rendered":"http:\/\/repositorioambiental.mma.gob.cl\/?p=356"},"modified":"2019-08-02T15:14:24","modified_gmt":"2019-08-02T15:14:24","slug":"el-cantar-de-la-rana-chilena","status":"publish","type":"post","link":"https:\/\/repositorioambiental.mma.gob.cl\/index.php\/2019\/07\/02\/el-cantar-de-la-rana-chilena\/","title":{"rendered":"El cantar de la rana chilena"},"content":{"rendered":"<p>Este video nos muestra a Nahuel, un ni\u00f1o mapuche que vive junto a su abuela en el sur de Chile.<br \/>\nUn d\u00eda mientras Nahuel juega junto al r\u00edo se da cuenta que las ranas no est\u00e1n cantando como siempre lo hacen.<br \/>\nNahuel se preocupa, y corre a la casa para avisar a su abuela.<br \/>\nJuntos descubrir\u00e1n que la contaminaci\u00f3n que est\u00e1 generando una industria aguas arriba est\u00e1 afectando al agua, y con ello, tambi\u00e9n a las ranas.<br \/>\nNahuel y su abuela interpelar\u00e1n a la gente de la f\u00e1brica para evitar que la industria da\u00f1e al agua y los seres que en ella viven.<\/p>\n<p>La rana chilena es una especie end\u00e9mica, que habita entre a IV a la X Regi\u00f3n de nuestro territorio.<\/p>\n<p>F\u00f3sil viviente del per\u00edodo gondw\u00e1nico, el anfibio m\u00e1s grande de Chile, comestible. Su estado de conservaci\u00f3n es vulnerable, afectado por problemas de agua, fragmentaci\u00f3n de h\u00e1bitats y cambio clim\u00e1tico.<\/p>\n","protected":false},"excerpt":{"rendered":"<p>Este video nos muestra a Nahuel, un ni\u00f1o mapuche que vive junto a su abuela en el sur de Chile. Un d\u00eda mientras Nahuel juega junto al r\u00edo se da cuenta que las ranas no est\u00e1n cantando como siempre lo hacen. Nahuel se preocupa, y corre a la casa para avisar a su abuela. Juntos [&hellip;]<\/p>\n","protected":false},"author":10,"featured_media":357,"comment_status":"open","ping_status":"open","sticky":false,"template":"","format":"standard","meta":{"footnotes":""},"categories":[12,6],"tags":[150,134,188],"class_list":["post-356","post","type-post","status-publish","format-standard","has-post-thumbnail","hentry","category-cuidado-del-agua","category-gestion-de-residuos","tag-biodiversidad-y-ecosistemas","tag-cuidado-del-agua","tag-pueblos-originarios","curso-segundo-basico","asignatura-ciencias-naturales","asignatura-historia-geografia-y-ciencias-sociales","tema-video"],"_links":{"self":[{"href":"https:\/\/repositorioambiental.mma.gob.cl\/index.php\/wp-json\/wp\/v2\/posts\/356","targetHints":{"allow":["GET"]}}],"collection":[{"href":"https:\/\/repositorioambiental.mma.gob.cl\/index.php\/wp-json\/wp\/v2\/posts"}],"about":[{"href":"https:\/\/repositorioambiental.mma.gob.cl\/index.php\/wp-json\/wp\/v2\/types\/post"}],"author":[{"embeddable":true,"href":"https:\/\/repositorioambiental.mma.gob.cl\/index.php\/wp-json\/wp\/v2\/users\/10"}],"replies":[{"embeddable":true,"href":"https:\/\/repositorioambiental.mma.gob.cl\/index.php\/wp-json\/wp\/v2\/comments?post=356"}],"version-history":[{"count":1,"href":"https:\/\/repositorioambiental.mma.gob.cl\/index.php\/wp-json\/wp\/v2\/posts\/356\/revisions"}],"predecessor-version":[{"id":358,"href":"https:\/\/repositorioambiental.mma.gob.cl\/index.php\/wp-json\/wp\/v2\/posts\/356\/revisions\/358"}],"wp:featuredmedia":[{"embeddable":true,"href":"https:\/\/repositorioambiental.mma.gob.cl\/index.php\/wp-json\/wp\/v2\/media\/357"}],"wp:attachment":[{"href":"https:\/\/repositorioambiental.mma.gob.cl\/index.php\/wp-json\/wp\/v2\/media?parent=356"}],"wp:term":[{"taxonomy":"category","embeddable":true,"href":"https:\/\/repositorioambiental.mma.gob.cl\/index.php\/wp-json\/wp\/v2\/categories?post=356"},{"taxonomy":"post_tag","embeddable":true,"href":"https:\/\/repositorioambiental.mma.gob.cl\/index.php\/wp-json\/wp\/v2\/tags?post=356"}],"curies":[{"name":"wp","href":"https:\/\/api.w.org\/{rel}","templated":true}]}}