{"id":1754,"date":"2019-10-17T20:44:16","date_gmt":"2019-10-17T20:44:16","guid":{"rendered":"http:\/\/repositorioambiental.mma.gob.cl\/?p=1754"},"modified":"2024-07-12T11:58:36","modified_gmt":"2024-07-12T11:58:36","slug":"libro-coloreable-de-flora-nativa-de-magallanes-2","status":"publish","type":"post","link":"https:\/\/repositorioambiental.mma.gob.cl\/index.php\/2019\/10\/17\/libro-coloreable-de-flora-nativa-de-magallanes-2\/","title":{"rendered":"Libro coloreable de flora nativa de Magallanes"},"content":{"rendered":"<p>\u00abColoreable, flora nativa de mi regi\u00f3n &#8211; Patrimonio natural y cultural de Magallanes\u00bb es un libro para colorear elaborado el a\u00f1o 2017 por el Proyecto \u201cRevalorando Nuestra Biodiversidad: Rescate y Re-Establecimiento de Flora Nativa en Nuestras Ciudades &#8211; Biodiversidad\u201d, financiado por el Fondo de Protecci\u00f3n Ambiental (FPA), del Ministerio del Medio Ambiente, Gobierno de Chile. El libro tiene el objetivo de educar a ni\u00f1os y ni\u00f1as sobre la flora nativa de la Regi\u00f3n de Magallanes y sobre la importancia de conservar los parches de vegetaci\u00f3n de las ciudades. El libro comienza explicando los impactos del crecimiento de las ciudades, en cuanto a la destrucci\u00f3n del ecosistema original y la p\u00e9rdida de servicios ecosist\u00e9micos. Luego se enfoca en c\u00f3mo diferenciar los distintos tipos de plantas (arbustos, hierbas, \u00e1rboles), las partes de las flores, tipos de flores, la clasificaci\u00f3n de las plantas seg\u00fan tipo de hojas o procedencia geogr\u00e1fica, adem\u00e1s de c\u00f3mo se nombran las especies. Finalmente se explican las comunidades vegetacionales de la regi\u00f3n m\u00e1s un glosario, y se presentan las 14 fichas t\u00e9cnicas de especies de flora locales con sus respectivas l\u00e1minas para colorear.<\/p>\n<p>El documento posee 56 p\u00e1ginas con ilustraciones y fotograf\u00edas de las especies a colorear. Puede ser usado por ciudadan\u00eda y docentes.<\/p>\n<p>El texto contenido en el documento podr\u00eda contener errores de ortograf\u00eda, puntuaci\u00f3n y\/o redacci\u00f3n, as\u00ed como tambi\u00e9n errores t\u00e9cnicos, que son responsabilidad del organismo ejecutor y que no afectan la comprensi\u00f3n general y calidad del documento.<\/p>\n<p>Recuerde que al utilizar los contenidos del documento debe citar su fuente e indicar que fue elaborado en el marco de un proyecto del Fondo de Protecci\u00f3n Ambiental del Ministerio del Medio Ambiente.<\/p>\n","protected":false},"excerpt":{"rendered":"<p>\u00abColoreable, flora nativa de mi regi\u00f3n &#8211; Patrimonio natural y cultural de Magallanes\u00bb es un libro para colorear elaborado el a\u00f1o 2017 por el Proyecto \u201cRevalorando Nuestra Biodiversidad: Rescate y Re-Establecimiento de Flora Nativa en Nuestras Ciudades &#8211; Biodiversidad\u201d, financiado por el Fondo de Protecci\u00f3n Ambiental (FPA), del Ministerio del Medio Ambiente, Gobierno de Chile. [&hellip;]<\/p>\n","protected":false},"author":4,"featured_media":1755,"comment_status":"closed","ping_status":"closed","sticky":false,"template":"","format":"standard","meta":{"footnotes":""},"categories":[8],"tags":[222,223,142,216,224,221,220],"class_list":["post-1754","post","type-post","status-publish","format-standard","has-post-thumbnail","hentry","category-biodiversidad-y-ecosistemas","tag-arboles","tag-arbustos","tag-biodiversidad","tag-flora","tag-hierbas","tag-partes-plantas","tag-region-de-magallanes","curso-octavo-basico","asignatura-ciencias-naturales","tema-material-didactico"],"_links":{"self":[{"href":"https:\/\/repositorioambiental.mma.gob.cl\/index.php\/wp-json\/wp\/v2\/posts\/1754","targetHints":{"allow":["GET"]}}],"collection":[{"href":"https:\/\/repositorioambiental.mma.gob.cl\/index.php\/wp-json\/wp\/v2\/posts"}],"about":[{"href":"https:\/\/repositorioambiental.mma.gob.cl\/index.php\/wp-json\/wp\/v2\/types\/post"}],"author":[{"embeddable":true,"href":"https:\/\/repositorioambiental.mma.gob.cl\/index.php\/wp-json\/wp\/v2\/users\/4"}],"replies":[{"embeddable":true,"href":"https:\/\/repositorioambiental.mma.gob.cl\/index.php\/wp-json\/wp\/v2\/comments?post=1754"}],"version-history":[{"count":2,"href":"https:\/\/repositorioambiental.mma.gob.cl\/index.php\/wp-json\/wp\/v2\/posts\/1754\/revisions"}],"predecessor-version":[{"id":1796,"href":"https:\/\/repositorioambiental.mma.gob.cl\/index.php\/wp-json\/wp\/v2\/posts\/1754\/revisions\/1796"}],"wp:featuredmedia":[{"embeddable":true,"href":"https:\/\/repositorioambiental.mma.gob.cl\/index.php\/wp-json\/wp\/v2\/media\/1755"}],"wp:attachment":[{"href":"https:\/\/repositorioambiental.mma.gob.cl\/index.php\/wp-json\/wp\/v2\/media?parent=1754"}],"wp:term":[{"taxonomy":"category","embeddable":true,"href":"https:\/\/repositorioambiental.mma.gob.cl\/index.php\/wp-json\/wp\/v2\/categories?post=1754"},{"taxonomy":"post_tag","embeddable":true,"href":"https:\/\/repositorioambiental.mma.gob.cl\/index.php\/wp-json\/wp\/v2\/tags?post=1754"}],"curies":[{"name":"wp","href":"https:\/\/api.w.org\/{rel}","templated":true}]}}