{"id":1731,"date":"2019-10-17T20:00:33","date_gmt":"2019-10-17T20:00:33","guid":{"rendered":"http:\/\/repositorioambiental.mma.gob.cl\/?p=1731"},"modified":"2024-07-12T11:58:36","modified_gmt":"2024-07-12T11:58:36","slug":"video-cerros-chena-y-lonquen-2","status":"publish","type":"post","link":"https:\/\/repositorioambiental.mma.gob.cl\/index.php\/2019\/10\/17\/video-cerros-chena-y-lonquen-2\/","title":{"rendered":"Video cerros Chena y Lonqu\u00e9n"},"content":{"rendered":"<p>\u00abChena y Lonqu\u00e9n, refugios de vida\u00bb es un video elaborado el a\u00f1o 2012 por el proyecto denominado \u00abDocumentando la Importancia de la Biodiversidad de los Cerros Islas Lonqu\u00e9n y Chena \u00ab, financiado por el Fondo de Protecci\u00f3n Ambiental (FPA), Ministerio del Medio Ambiente, Gobierno de Chile. El video posee una duraci\u00f3n de 24 minutos y 25 segundos, y busca relevar la importancia ecol\u00f3gica de los cerros Lonqu\u00e9n y Chena en la Zona Central de Chile y las amenazas a las que est\u00e1n sometidos actualmente. Estos cerros -parte del cord\u00f3n monta\u00f1oso Santa Elena-, fueron declarados Sitios Prioritarios para la Conservaci\u00f3n de la Biodiversidad, y poseen el 30% de las especies de vertebrados de la Ecoregi\u00f3n Mediterr\u00e1nea de Chile Central. El video comienza explicando qu\u00e9 son los hot spot de biodiversidad, adem\u00e1s de la geograf\u00eda, el clima y el tipo de vegetaci\u00f3n donde se encuentran estos cerros. Tambi\u00e9n, a trav\u00e9s del relato, describe brevemente algunas especies de fauna, como: culebra de cola larga, pequ\u00e9n, sapito de cuatros ojos, lagartija n\u00edtida, \u00e1guila chilena, bailar\u00edn, deg\u00fa y yaca. Posteriormente el video explica las caracter\u00edsticas de los \u00abcerros islas\u00bb, las amenazas a los que se ve enfrentada su biodiversidad y acciones para su protecci\u00f3n.<\/p>\n<p>El contenido abordado en el video podr\u00eda presentar errores o datos desactualizados dada la fecha de elaboraci\u00f3n, que no afecta la comprensi\u00f3n general y calidad del material educativo.<\/p>\n<p>Recuerde que al utilizar los contenidos del video debe citar su fuente e indicar que fue elaborado en el marco de un proyecto del Fondo de Protecci\u00f3n Ambiental del Ministerio del Medio Ambiente.<\/p>\n","protected":false},"excerpt":{"rendered":"<p>\u00abChena y Lonqu\u00e9n, refugios de vida\u00bb es un video elaborado el a\u00f1o 2012 por el proyecto denominado \u00abDocumentando la Importancia de la Biodiversidad de los Cerros Islas Lonqu\u00e9n y Chena \u00ab, financiado por el Fondo de Protecci\u00f3n Ambiental (FPA), Ministerio del Medio Ambiente, Gobierno de Chile. El video posee una duraci\u00f3n de 24 minutos y [&hellip;]<\/p>\n","protected":false},"author":4,"featured_media":1732,"comment_status":"closed","ping_status":"closed","sticky":false,"template":"","format":"standard","meta":{"footnotes":""},"categories":[8],"tags":[701,702,703,911,705,912],"class_list":["post-1731","post","type-post","status-publish","format-standard","has-post-thumbnail","hentry","category-biodiversidad-y-ecosistemas","tag-cerro-chena","tag-cerro-lonquen","tag-cerros-islas","tag-flora-y-fauna-cerro","tag-flora-y-fauna-cerro-chena","tag-lonquen","curso-primero-medio","asignatura-ciencias-naturales-educacion-media","tema-video"],"_links":{"self":[{"href":"https:\/\/repositorioambiental.mma.gob.cl\/index.php\/wp-json\/wp\/v2\/posts\/1731","targetHints":{"allow":["GET"]}}],"collection":[{"href":"https:\/\/repositorioambiental.mma.gob.cl\/index.php\/wp-json\/wp\/v2\/posts"}],"about":[{"href":"https:\/\/repositorioambiental.mma.gob.cl\/index.php\/wp-json\/wp\/v2\/types\/post"}],"author":[{"embeddable":true,"href":"https:\/\/repositorioambiental.mma.gob.cl\/index.php\/wp-json\/wp\/v2\/users\/4"}],"replies":[{"embeddable":true,"href":"https:\/\/repositorioambiental.mma.gob.cl\/index.php\/wp-json\/wp\/v2\/comments?post=1731"}],"version-history":[{"count":2,"href":"https:\/\/repositorioambiental.mma.gob.cl\/index.php\/wp-json\/wp\/v2\/posts\/1731\/revisions"}],"predecessor-version":[{"id":1791,"href":"https:\/\/repositorioambiental.mma.gob.cl\/index.php\/wp-json\/wp\/v2\/posts\/1731\/revisions\/1791"}],"wp:featuredmedia":[{"embeddable":true,"href":"https:\/\/repositorioambiental.mma.gob.cl\/index.php\/wp-json\/wp\/v2\/media\/1732"}],"wp:attachment":[{"href":"https:\/\/repositorioambiental.mma.gob.cl\/index.php\/wp-json\/wp\/v2\/media?parent=1731"}],"wp:term":[{"taxonomy":"category","embeddable":true,"href":"https:\/\/repositorioambiental.mma.gob.cl\/index.php\/wp-json\/wp\/v2\/categories?post=1731"},{"taxonomy":"post_tag","embeddable":true,"href":"https:\/\/repositorioambiental.mma.gob.cl\/index.php\/wp-json\/wp\/v2\/tags?post=1731"}],"curies":[{"name":"wp","href":"https:\/\/api.w.org\/{rel}","templated":true}]}}