{"id":1728,"date":"2019-10-17T19:53:39","date_gmt":"2019-10-17T19:53:39","guid":{"rendered":"http:\/\/repositorioambiental.mma.gob.cl\/?p=1728"},"modified":"2024-07-12T11:58:36","modified_gmt":"2024-07-12T11:58:36","slug":"guia-de-campo-bosques","status":"publish","type":"post","link":"https:\/\/repositorioambiental.mma.gob.cl\/index.php\/2019\/10\/17\/guia-de-campo-bosques\/","title":{"rendered":"Gu\u00eda de campo bosques"},"content":{"rendered":"<p>\u00abBosques de la tierra del Biob\u00edo &#8211; Flora nativa de la regi\u00f3n\u00bb es una gu\u00eda elaborada el a\u00f1o 2016 por el proyecto denominado \u00abEducando con el Senderismo, Etapa 1: El Bosque Nativo y sus Servicios Ambientales\u00bb, financiado por el Fondo de Protecci\u00f3n Ambiental (FPA), Ministerio del Medio Ambiente, Gobierno de Chile. La gu\u00eda posee 43 p\u00e1ginas y es una aproximaci\u00f3n a la flora arb\u00f3rea de los bosques de la tierra del Biob\u00edo. Busca sensibilizar sobre la importancia de los bosques de la regi\u00f3n, ante su prolongada degradaci\u00f3n y destrucci\u00f3n -reemplazados principalmente por monocultivos forestales- para reconocer las diferencias entre los ancestrales bosques y las plantaciones de pino y eucalipto, destinadas a la tala rasa y obtenci\u00f3n de productos forestales. La gu\u00eda comienza explicando qu\u00e9 es un ecosistema y biodiversidad -con apoyo de ilustraciones-, y luego describe la biogeograf\u00eda de Biob\u00edo y sus formaciones vegetacionales originales, utilizando un mapa para aquello. Posteriormente explica qu\u00e9 es un bosque y sus elementos de forma escrita y gr\u00e1fica, la historia de los bosques del Biob\u00edo y el actual uso de suelos de la regi\u00f3n, utilizando un mapa ilustrado. La segunda parte de la gu\u00eda explica los tipos de formaciones boscosas de la regi\u00f3n e incluye una descripci\u00f3n para l\u00edquenes, musgos, helechos, ep\u00edfitas, trepadoras, herb\u00e1ceas y arbustos. La \u00faltima parte de la gu\u00eda est\u00e1 compuesta por fichas de \u00e1rboles, para las cuales se incluye: distribuci\u00f3n y h\u00e1bitat, descripci\u00f3n, tama\u00f1o comparado, estado de conservaci\u00f3n y tipo de bosque en el que se encuentra.<\/p>\n<p>El texto contenido en el documento podr\u00eda presentar errores de ortograf\u00eda, puntuaci\u00f3n y\/o redacci\u00f3n, as\u00ed como tambi\u00e9n errores t\u00e9cnicos, que son responsabilidad del organismo ejecutor y que no afectan la comprensi\u00f3n general y calidad del documento.<\/p>\n<p>Recuerde que al utilizar los contenidos del documento debe citar su fuente e indicar que fue elaborado en el marco de un proyecto del Fondo de Protecci\u00f3n Ambiental del Ministerio del Medio Ambiente.<\/p>\n","protected":false},"excerpt":{"rendered":"<p>\u00abBosques de la tierra del Biob\u00edo &#8211; Flora nativa de la regi\u00f3n\u00bb es una gu\u00eda elaborada el a\u00f1o 2016 por el proyecto denominado \u00abEducando con el Senderismo, Etapa 1: El Bosque Nativo y sus Servicios Ambientales\u00bb, financiado por el Fondo de Protecci\u00f3n Ambiental (FPA), Ministerio del Medio Ambiente, Gobierno de Chile. La gu\u00eda posee 43 [&hellip;]<\/p>\n","protected":false},"author":4,"featured_media":1729,"comment_status":"closed","ping_status":"closed","sticky":false,"template":"","format":"standard","meta":{"footnotes":""},"categories":[8],"tags":[223,304,305,309,216,308,311,306,307,310],"class_list":["post-1728","post","type-post","status-publish","format-standard","has-post-thumbnail","hentry","category-biodiversidad-y-ecosistemas","tag-arbustos","tag-bio-bio","tag-bosques","tag-epifitas","tag-flora","tag-helechos","tag-herbaceas","tag-liquenes","tag-musgos","tag-trepadoras","curso-primero-medio","asignatura-ciencias-naturales-educacion-media","tema-documento"],"_links":{"self":[{"href":"https:\/\/repositorioambiental.mma.gob.cl\/index.php\/wp-json\/wp\/v2\/posts\/1728","targetHints":{"allow":["GET"]}}],"collection":[{"href":"https:\/\/repositorioambiental.mma.gob.cl\/index.php\/wp-json\/wp\/v2\/posts"}],"about":[{"href":"https:\/\/repositorioambiental.mma.gob.cl\/index.php\/wp-json\/wp\/v2\/types\/post"}],"author":[{"embeddable":true,"href":"https:\/\/repositorioambiental.mma.gob.cl\/index.php\/wp-json\/wp\/v2\/users\/4"}],"replies":[{"embeddable":true,"href":"https:\/\/repositorioambiental.mma.gob.cl\/index.php\/wp-json\/wp\/v2\/comments?post=1728"}],"version-history":[{"count":2,"href":"https:\/\/repositorioambiental.mma.gob.cl\/index.php\/wp-json\/wp\/v2\/posts\/1728\/revisions"}],"predecessor-version":[{"id":1780,"href":"https:\/\/repositorioambiental.mma.gob.cl\/index.php\/wp-json\/wp\/v2\/posts\/1728\/revisions\/1780"}],"wp:featuredmedia":[{"embeddable":true,"href":"https:\/\/repositorioambiental.mma.gob.cl\/index.php\/wp-json\/wp\/v2\/media\/1729"}],"wp:attachment":[{"href":"https:\/\/repositorioambiental.mma.gob.cl\/index.php\/wp-json\/wp\/v2\/media?parent=1728"}],"wp:term":[{"taxonomy":"category","embeddable":true,"href":"https:\/\/repositorioambiental.mma.gob.cl\/index.php\/wp-json\/wp\/v2\/categories?post=1728"},{"taxonomy":"post_tag","embeddable":true,"href":"https:\/\/repositorioambiental.mma.gob.cl\/index.php\/wp-json\/wp\/v2\/tags?post=1728"}],"curies":[{"name":"wp","href":"https:\/\/api.w.org\/{rel}","templated":true}]}}