{"id":1643,"date":"2019-10-15T21:21:02","date_gmt":"2019-10-15T21:21:02","guid":{"rendered":"http:\/\/repositorioambiental.mma.gob.cl\/?p=1643"},"modified":"2024-07-12T11:58:36","modified_gmt":"2024-07-12T11:58:36","slug":"video-picaflor-jf","status":"publish","type":"post","link":"https:\/\/repositorioambiental.mma.gob.cl\/index.php\/2019\/10\/15\/video-picaflor-jf\/","title":{"rendered":"Video picaflor JF"},"content":{"rendered":"<p>\u00abVideo Picaflor de Juan Fern\u00e1ndez\u00bb fue elaborado en septiembre de 2016 en el marco del proyecto \u00abPropuesta educativa de valoraci\u00f3n y conservaci\u00f3n de la flora y fauna nativa para Educaci\u00f3n Parvularia en el Archipi\u00e9lago Juan Fern\u00e1ndez\u00bb, y tiene por objetivo educar a la primera infancia sobre picaflor de Juan Fern\u00e1ndez -especie end\u00e9mica de la isla-, y sensibilizar sobre la importancia de su protecci\u00f3n. El video menciona y muestra a trav\u00e9s de fotograf\u00edas: caracter\u00edsticas morfol\u00f3gicas, dimorfismo sexual, alimentaci\u00f3n y reproducci\u00f3n. El video tiene una duraci\u00f3n de 2 minutos y 42 segundos, posee voz en off y generador de caracteres. De fondo acompa\u00f1a al video sonidos de cantos y llamados del picaflor de Juan Fern\u00e1ndez. Puede ser utilizado por docentes (educadores de p\u00e1rvulos) y ciudadan\u00eda.<\/p>\n","protected":false},"excerpt":{"rendered":"<p>\u00abVideo Picaflor de Juan Fern\u00e1ndez\u00bb fue elaborado en septiembre de 2016 en el marco del proyecto \u00abPropuesta educativa de valoraci\u00f3n y conservaci\u00f3n de la flora y fauna nativa para Educaci\u00f3n Parvularia en el Archipi\u00e9lago Juan Fern\u00e1ndez\u00bb, y tiene por objetivo educar a la primera infancia sobre picaflor de Juan Fern\u00e1ndez -especie end\u00e9mica de la isla-, [&hellip;]<\/p>\n","protected":false},"author":4,"featured_media":1810,"comment_status":"closed","ping_status":"closed","sticky":false,"template":"","format":"standard","meta":{"footnotes":""},"categories":[8,108],"tags":[903,910],"class_list":["post-1643","post","type-post","status-publish","format-standard","has-post-thumbnail","hentry","category-biodiversidad-y-ecosistemas","category-biodiversidad-y-ecosistemas-alumno","tag-archipielago-juan-fernandez","tag-picaflor-de-juan-fernandez","tema-video"],"_links":{"self":[{"href":"https:\/\/repositorioambiental.mma.gob.cl\/index.php\/wp-json\/wp\/v2\/posts\/1643","targetHints":{"allow":["GET"]}}],"collection":[{"href":"https:\/\/repositorioambiental.mma.gob.cl\/index.php\/wp-json\/wp\/v2\/posts"}],"about":[{"href":"https:\/\/repositorioambiental.mma.gob.cl\/index.php\/wp-json\/wp\/v2\/types\/post"}],"author":[{"embeddable":true,"href":"https:\/\/repositorioambiental.mma.gob.cl\/index.php\/wp-json\/wp\/v2\/users\/4"}],"replies":[{"embeddable":true,"href":"https:\/\/repositorioambiental.mma.gob.cl\/index.php\/wp-json\/wp\/v2\/comments?post=1643"}],"version-history":[{"count":2,"href":"https:\/\/repositorioambiental.mma.gob.cl\/index.php\/wp-json\/wp\/v2\/posts\/1643\/revisions"}],"predecessor-version":[{"id":1671,"href":"https:\/\/repositorioambiental.mma.gob.cl\/index.php\/wp-json\/wp\/v2\/posts\/1643\/revisions\/1671"}],"wp:featuredmedia":[{"embeddable":true,"href":"https:\/\/repositorioambiental.mma.gob.cl\/index.php\/wp-json\/wp\/v2\/media\/1810"}],"wp:attachment":[{"href":"https:\/\/repositorioambiental.mma.gob.cl\/index.php\/wp-json\/wp\/v2\/media?parent=1643"}],"wp:term":[{"taxonomy":"category","embeddable":true,"href":"https:\/\/repositorioambiental.mma.gob.cl\/index.php\/wp-json\/wp\/v2\/categories?post=1643"},{"taxonomy":"post_tag","embeddable":true,"href":"https:\/\/repositorioambiental.mma.gob.cl\/index.php\/wp-json\/wp\/v2\/tags?post=1643"}],"curies":[{"name":"wp","href":"https:\/\/api.w.org\/{rel}","templated":true}]}}