{"id":1640,"date":"2019-10-15T21:18:25","date_gmt":"2019-10-15T21:18:25","guid":{"rendered":"http:\/\/repositorioambiental.mma.gob.cl\/?p=1640"},"modified":"2024-07-12T11:58:36","modified_gmt":"2024-07-12T11:58:36","slug":"video-especies-endemicas","status":"publish","type":"post","link":"https:\/\/repositorioambiental.mma.gob.cl\/index.php\/2019\/10\/15\/video-especies-endemicas\/","title":{"rendered":"Video especies end\u00e9micas"},"content":{"rendered":"<p>\u00abVideo especies end\u00e9micas\u00bb es un video elaborado en septiembre de 2016 en el marco del proyecto \u00abPropuesta educativa de valoraci\u00f3n y conservaci\u00f3n de la flora y fauna nativa para Educaci\u00f3n Parvularia en el Archipi\u00e9lago Juan Fern\u00e1ndez\u00bb, que tiene por objetivo educar a la primera infancia sobre algunas especies de flora y fauna end\u00e9micas del archipi\u00e9lago Juan Fern\u00e1ndez, tales como: lobo fino o lobo de dos pelos (Arctocephalus philippii); pampanito (Scorpis chilensis); chonta (Juania australis); Juan bueno (Rhaphithamnus venustus) y col de Juan Fern\u00e1ndez (Dendroseris litoralis). Para las especies de fauna se entregan caracter\u00edsticas de su h\u00e1bitat, tama\u00f1o, amenazas, entre otras, y para las especies de flora, se mencionan caracter\u00edsticas de su h\u00e1bitat, amenazas y especies de aves que se alimentan de dichas especies, entre otras. El video tiene una duraci\u00f3n de 6 minutos y 25 segundos, posee voz en off, generador de caracteres y fotograf\u00edas de las especies mencionadas. Puede ser utilizado por docentes (educadores de p\u00e1rvulos) y ciudadan\u00eda.<\/p>\n","protected":false},"excerpt":{"rendered":"<p>\u00abVideo especies end\u00e9micas\u00bb es un video elaborado en septiembre de 2016 en el marco del proyecto \u00abPropuesta educativa de valoraci\u00f3n y conservaci\u00f3n de la flora y fauna nativa para Educaci\u00f3n Parvularia en el Archipi\u00e9lago Juan Fern\u00e1ndez\u00bb, que tiene por objetivo educar a la primera infancia sobre algunas especies de flora y fauna end\u00e9micas del archipi\u00e9lago [&hellip;]<\/p>\n","protected":false},"author":4,"featured_media":1811,"comment_status":"closed","ping_status":"closed","sticky":false,"template":"","format":"standard","meta":{"footnotes":""},"categories":[93,108],"tags":[903,907,909,908,905,904,906],"class_list":["post-1640","post","type-post","status-publish","format-standard","has-post-thumbnail","hentry","category-biodiversidad-y-ecosistemas-funcionario","category-biodiversidad-y-ecosistemas-alumno","tag-archipielago-juan-fernandez","tag-chonta","tag-col-de-juan-fernandez-especies-endemicas","tag-juan-bueno","tag-lobo-de-dos-pelos","tag-lobo-fino","tag-pampanito","tema-video"],"_links":{"self":[{"href":"https:\/\/repositorioambiental.mma.gob.cl\/index.php\/wp-json\/wp\/v2\/posts\/1640","targetHints":{"allow":["GET"]}}],"collection":[{"href":"https:\/\/repositorioambiental.mma.gob.cl\/index.php\/wp-json\/wp\/v2\/posts"}],"about":[{"href":"https:\/\/repositorioambiental.mma.gob.cl\/index.php\/wp-json\/wp\/v2\/types\/post"}],"author":[{"embeddable":true,"href":"https:\/\/repositorioambiental.mma.gob.cl\/index.php\/wp-json\/wp\/v2\/users\/4"}],"replies":[{"embeddable":true,"href":"https:\/\/repositorioambiental.mma.gob.cl\/index.php\/wp-json\/wp\/v2\/comments?post=1640"}],"version-history":[{"count":2,"href":"https:\/\/repositorioambiental.mma.gob.cl\/index.php\/wp-json\/wp\/v2\/posts\/1640\/revisions"}],"predecessor-version":[{"id":1669,"href":"https:\/\/repositorioambiental.mma.gob.cl\/index.php\/wp-json\/wp\/v2\/posts\/1640\/revisions\/1669"}],"wp:featuredmedia":[{"embeddable":true,"href":"https:\/\/repositorioambiental.mma.gob.cl\/index.php\/wp-json\/wp\/v2\/media\/1811"}],"wp:attachment":[{"href":"https:\/\/repositorioambiental.mma.gob.cl\/index.php\/wp-json\/wp\/v2\/media?parent=1640"}],"wp:term":[{"taxonomy":"category","embeddable":true,"href":"https:\/\/repositorioambiental.mma.gob.cl\/index.php\/wp-json\/wp\/v2\/categories?post=1640"},{"taxonomy":"post_tag","embeddable":true,"href":"https:\/\/repositorioambiental.mma.gob.cl\/index.php\/wp-json\/wp\/v2\/tags?post=1640"}],"curies":[{"name":"wp","href":"https:\/\/api.w.org\/{rel}","templated":true}]}}