{"id":1559,"date":"2019-10-14T23:38:26","date_gmt":"2019-10-14T23:38:26","guid":{"rendered":"http:\/\/repositorioambiental.mma.gob.cl\/?p=1559"},"modified":"2019-10-16T19:48:51","modified_gmt":"2019-10-16T19:48:51","slug":"capsula-reciclar-2","status":"publish","type":"post","link":"https:\/\/repositorioambiental.mma.gob.cl\/index.php\/2019\/10\/14\/capsula-reciclar-2\/","title":{"rendered":"C\u00e1psula reciclar"},"content":{"rendered":"<p>\u00abC\u00e1psula reciclar\u00bb es un audio elaborado el a\u00f1o 2015  por el proyecto denominado \u00abOsorno Sustentable\u00bb, financiado por el Fondo de Protecci\u00f3n Ambiental (FPA), Ministerio del Medio Ambiente, Gobierno de Chile. La c\u00e1psula tiene una extensi\u00f3n de 55 segundos y aborda de forma breve la tem\u00e1tica reciclaje, su definici\u00f3n y hace una comparaci\u00f3n entre el uso de recursos que son requeridos para elaborar un producto versus los recursos utilizados para elaborar un producto en base a materias primas recicladas.<\/p>\n<p>Un residuo es un objeto o restos de \u00e9l que queremos desechar, y que puede ser reutilizado o reciclado siendo usado como materia prima en un proceso productivo o valorizado para recuperar su poder calor\u00edfico. Si no es posible que sea destinado a las operaciones reci\u00e9n mencionadas, debe ser dispuesto en un lugar autorizado. En Chile cada persona produce en promedio 1,1 kilogramos de residuos domiciliarios al d\u00eda y, en conjunto, se genera alrededor de 7,4 millones de toneladas en un a\u00f1o. De esto, solo se recicla menos del 10%, y todo el resto llega a un relleno sanitario; toneladas de residuos enterrados que en gran parte podr\u00edan haber sido reutilizados o reciclados. <\/p>\n<p>El contenido abordado en la c\u00e1psula podr\u00eda presentar errores o datos desactualizados dada la fecha de elaboraci\u00f3n, que no afecta la comprensi\u00f3n general y calidad del material educativo.<\/p>\n<p>Recuerde que al utilizar los contenidos de la c\u00e1psula debe citar su fuente e indicar que fue elaborado en el marco de un proyecto del Fondo de Protecci\u00f3n Ambiental del Ministerio del Medio Ambiente.<\/p>\n","protected":false},"excerpt":{"rendered":"<p>\u00abC\u00e1psula reciclar\u00bb es un audio elaborado el a\u00f1o 2015 por el proyecto denominado \u00abOsorno Sustentable\u00bb, financiado por el Fondo de Protecci\u00f3n Ambiental (FPA), Ministerio del Medio Ambiente, Gobierno de Chile. La c\u00e1psula tiene una extensi\u00f3n de 55 segundos y aborda de forma breve la tem\u00e1tica reciclaje, su definici\u00f3n y hace una comparaci\u00f3n entre el uso [&hellip;]<\/p>\n","protected":false},"author":4,"featured_media":1545,"comment_status":"open","ping_status":"open","sticky":false,"template":"","format":"standard","meta":{"footnotes":""},"categories":[6],"tags":[605,180,130,606],"class_list":["post-1559","post","type-post","status-publish","format-standard","has-post-thumbnail","hentry","category-gestion-de-residuos","tag-minimizacion-residuos","tag-reciclaje","tag-residuos","tag-valorizacion-residuos","curso-primero-medio","asignatura-lengua-y-literatura","tema-audio"],"_links":{"self":[{"href":"https:\/\/repositorioambiental.mma.gob.cl\/index.php\/wp-json\/wp\/v2\/posts\/1559","targetHints":{"allow":["GET"]}}],"collection":[{"href":"https:\/\/repositorioambiental.mma.gob.cl\/index.php\/wp-json\/wp\/v2\/posts"}],"about":[{"href":"https:\/\/repositorioambiental.mma.gob.cl\/index.php\/wp-json\/wp\/v2\/types\/post"}],"author":[{"embeddable":true,"href":"https:\/\/repositorioambiental.mma.gob.cl\/index.php\/wp-json\/wp\/v2\/users\/4"}],"replies":[{"embeddable":true,"href":"https:\/\/repositorioambiental.mma.gob.cl\/index.php\/wp-json\/wp\/v2\/comments?post=1559"}],"version-history":[{"count":2,"href":"https:\/\/repositorioambiental.mma.gob.cl\/index.php\/wp-json\/wp\/v2\/posts\/1559\/revisions"}],"predecessor-version":[{"id":1856,"href":"https:\/\/repositorioambiental.mma.gob.cl\/index.php\/wp-json\/wp\/v2\/posts\/1559\/revisions\/1856"}],"wp:featuredmedia":[{"embeddable":true,"href":"https:\/\/repositorioambiental.mma.gob.cl\/index.php\/wp-json\/wp\/v2\/media\/1545"}],"wp:attachment":[{"href":"https:\/\/repositorioambiental.mma.gob.cl\/index.php\/wp-json\/wp\/v2\/media?parent=1559"}],"wp:term":[{"taxonomy":"category","embeddable":true,"href":"https:\/\/repositorioambiental.mma.gob.cl\/index.php\/wp-json\/wp\/v2\/categories?post=1559"},{"taxonomy":"post_tag","embeddable":true,"href":"https:\/\/repositorioambiental.mma.gob.cl\/index.php\/wp-json\/wp\/v2\/tags?post=1559"}],"curies":[{"name":"wp","href":"https:\/\/api.w.org\/{rel}","templated":true}]}}