{"id":1248,"date":"2019-10-04T20:33:51","date_gmt":"2019-10-04T20:33:51","guid":{"rendered":"http:\/\/repositorioambiental.mma.gob.cl\/?p=1248"},"modified":"2019-10-04T20:33:51","modified_gmt":"2019-10-04T20:33:51","slug":"presentacion-plantaciones-forestales","status":"publish","type":"post","link":"https:\/\/repositorioambiental.mma.gob.cl\/index.php\/2019\/10\/04\/presentacion-plantaciones-forestales\/","title":{"rendered":"Presentaci\u00f3n plantaciones forestales"},"content":{"rendered":"<p>\u00abLa calidad de la planta en las plantaciones forestales\u00bb es una presentaci\u00f3n elaborada el a\u00f1o 2013 por el proyecto denominado \u00abProducci\u00f3n de Plantas y Establecimiento, T\u00e9cnicas Silviculturales para la Recuperaci\u00f3n del Ruil, Especie en Peligro de Extinci\u00f3n de la Zona Centro del Pa\u00eds\u00bb, financiado por el Fondo de Protecci\u00f3n Ambiental (FPA), Ministerio del Medio Ambiente, Gobierno de Chile. El documento posee 43 l\u00e1minas, en las cuales se abordan: producci\u00f3n total de plantas (eucalyptus y pino), n\u00b0 de viveros en el pa\u00eds, producci\u00f3n a\u00f1o 2011, sistema de producci\u00f3n en vivero (ex\u00f3ticas y nativas), tipos de contenedores, rendimientos de las plantaciones de eucalyptus, fotograf\u00edas de producci\u00f3n en viveros, criterios de evaluaci\u00f3n de calidad de plantas, atributos morfol\u00f3gicos de las plantas de ruil, atributos morfol\u00f3gicos de las plantas de Pinus radiata, e indicadores de calidad (di\u00e1metro de cuello, altura, volumen de ra\u00edz, raz\u00f3n altura\/di\u00e1metro).<\/p>\n<p>El texto contenido en el documento podr\u00eda presentar errores de ortograf\u00eda, puntuaci\u00f3n y\/o redacci\u00f3n, as\u00ed como tambi\u00e9n errores t\u00e9cnicos, que son responsabilidad del organismo ejecutor y que no afectan la comprensi\u00f3n general y calidad del documento.<\/p>\n<p>Recuerde que al utilizar los contenidos del documento debe citar su fuente e indicar que fue elaborado en el marco de un proyecto del Fondo de Protecci\u00f3n Ambiental del Ministerio del Medio Ambiente.<\/p>\n","protected":false},"excerpt":{"rendered":"<p>\u00abLa calidad de la planta en las plantaciones forestales\u00bb es una presentaci\u00f3n elaborada el a\u00f1o 2013 por el proyecto denominado \u00abProducci\u00f3n de Plantas y Establecimiento, T\u00e9cnicas Silviculturales para la Recuperaci\u00f3n del Ruil, Especie en Peligro de Extinci\u00f3n de la Zona Centro del Pa\u00eds\u00bb, financiado por el Fondo de Protecci\u00f3n Ambiental (FPA), Ministerio del Medio Ambiente, [&hellip;]<\/p>\n","protected":false},"author":4,"featured_media":1250,"comment_status":"open","ping_status":"open","sticky":false,"template":"","format":"standard","meta":{"footnotes":""},"categories":[93,108],"tags":[797,793,796,795,794,792,786],"class_list":["post-1248","post","type-post","status-publish","format-standard","has-post-thumbnail","hentry","category-biodiversidad-y-ecosistemas-funcionario","category-biodiversidad-y-ecosistemas-alumno","tag-eucalyptus","tag-nothofagus-alessandrii","tag-pino","tag-pinus-radiata","tag-produccion-de-plantas","tag-ruil","tag-vivero","tema-presentacion"],"_links":{"self":[{"href":"https:\/\/repositorioambiental.mma.gob.cl\/index.php\/wp-json\/wp\/v2\/posts\/1248","targetHints":{"allow":["GET"]}}],"collection":[{"href":"https:\/\/repositorioambiental.mma.gob.cl\/index.php\/wp-json\/wp\/v2\/posts"}],"about":[{"href":"https:\/\/repositorioambiental.mma.gob.cl\/index.php\/wp-json\/wp\/v2\/types\/post"}],"author":[{"embeddable":true,"href":"https:\/\/repositorioambiental.mma.gob.cl\/index.php\/wp-json\/wp\/v2\/users\/4"}],"replies":[{"embeddable":true,"href":"https:\/\/repositorioambiental.mma.gob.cl\/index.php\/wp-json\/wp\/v2\/comments?post=1248"}],"version-history":[{"count":2,"href":"https:\/\/repositorioambiental.mma.gob.cl\/index.php\/wp-json\/wp\/v2\/posts\/1248\/revisions"}],"predecessor-version":[{"id":1283,"href":"https:\/\/repositorioambiental.mma.gob.cl\/index.php\/wp-json\/wp\/v2\/posts\/1248\/revisions\/1283"}],"wp:featuredmedia":[{"embeddable":true,"href":"https:\/\/repositorioambiental.mma.gob.cl\/index.php\/wp-json\/wp\/v2\/media\/1250"}],"wp:attachment":[{"href":"https:\/\/repositorioambiental.mma.gob.cl\/index.php\/wp-json\/wp\/v2\/media?parent=1248"}],"wp:term":[{"taxonomy":"category","embeddable":true,"href":"https:\/\/repositorioambiental.mma.gob.cl\/index.php\/wp-json\/wp\/v2\/categories?post=1248"},{"taxonomy":"post_tag","embeddable":true,"href":"https:\/\/repositorioambiental.mma.gob.cl\/index.php\/wp-json\/wp\/v2\/tags?post=1248"}],"curies":[{"name":"wp","href":"https:\/\/api.w.org\/{rel}","templated":true}]}}